{"id":4202,"date":"2015-11-11T08:22:46","date_gmt":"2015-11-11T07:22:46","guid":{"rendered":"http:\/\/alaskagirl.de\/wordpress\/?p=4202"},"modified":"2015-11-10T11:22:55","modified_gmt":"2015-11-10T10:22:55","slug":"vom-jungs-haben","status":"publish","type":"post","link":"https:\/\/alaskagirl.de\/wordpress\/vom-jungs-haben\/","title":{"rendered":"Vom Jungs haben"},"content":{"rendered":"<p>Es gibt ja so ein paar Dinge, von denen glaubt man im Allgemeinen, man h\u00e4tte weniger damit zu tun, wenn man nur S\u00f6hne hat. Eins davon ist Nagellack. Ich selbst habe gar keinen. Das letzte Mal, dass ich meine Fingern\u00e4gel lackiert habe, war f\u00fcrs Wave Gotik Treffen 2000, damit man nach 3 Tagen zelten im Dreck, die dreckigen Fingern\u00e4gel nicht sieht. Rein praktische Gr\u00fcnde also. Sp\u00e4testens seit der Herr Gartenhein mit knapp 3 mal versucht hat, den (ungenutzen) Nagellackentferner zu trinken, gab es weder Nagellack noch Entferner in unserem Haushalt. Nun fing der Herr Gartenhein an, sich jeden Tag, vor dem Hausaufgaben machen, erstmal die Fingern\u00e4gel mit Filzstift zu bemalen. Das fand ich nun nicht so toll, weil er die Finger ja auch gerne in den Mund steckt und dann den FIlzstift wieder ablutscht. Wir haben uns also darauf geeinigt Nagellack zu kaufen. Und das taten wir dann auch. Ich lackierte seine N\u00e4gel, erst blau und dann silberglitzernd dr\u00fcber. Er fand es toll. Der Schl\u00f6kerich wollte erst auch, dann musste ich den Lack aber gleich wieder runter machen. Wir waren gespannt, wie es in der Schule werden w\u00fcrde und bereiteten ihn darauf vor, dass vielleicht ein paar Kinder bl\u00f6de Sachen wie &#8222;Das ist nur f\u00fcr M\u00e4dchen!&#8220; sagen w\u00fcrden. Eigentlich rechnete ich damit, dass er den Lack nur kurz tragen w\u00fcrde. Aber, was soll ich sagen, er geht nun seit Wochen mit Nagellack in die Schule. Inzwischen hat er mehrere Farben und einmal die Woche wird neu lackiert. Seine Freunde haben erst mal gelacht, aber nicht b\u00f6sartig, sondern so, wie man eben lacht, wenn man etwas sieht, was man nicht erwartet hat. Zwei Jungs in seiner Klasse versuchen ihn wohl deshalb zu \u00e4rgern, aber da dreht er sich dann um und schaut woanders hin, sagt er. Obwohl es ihn trotzdem \u00e4rgert. Ein M\u00e4dchen wollte ihn aufkl\u00e4ren, dass Nagellack nur f\u00fcr M\u00e4dchen sei. Da fragte er sie, warum denn dann Jungs auch Fingern\u00e4gel h\u00e4tten. Ich bin ehrlich beeindruckt, wie selbstbewusst er damit umgeht, in der Hinsicht nicht dem Stereotyp zu entsprechen. Ansonsten orientiert er sich n\u00e4mlich viel an anderen und erf\u00fcllt er viele der Jungklischees: tr\u00e4gt gerne blau und schwarz, steht auf Superhelden, StarWars und Ninjago, spielt mit seinen Freunden am liebsten &#8222;k\u00e4mpfen&#8220;, usw.<\/p>\n<p>Der Schl\u00f6kerich ist da anders und l\u00e4sst sich oft wenig beeindrucken von dem, was andere sagen. Er tr\u00e4gt gerne seine rosa Socken mit Minnie Maus und seine Lieblingspullis waren lange Zeit der rot-blau-geringelte (sieht von weitem aus wie lila) Raketenpulli von dm und ein furchtbar h\u00e4sslicher Pulli mit Glitzer und Pferden. Viele der dunklen Sachen seines Bruders mag er nicht anziehen, obwohl da z.B. Spider Man drauf ist.\u00a0 Seit einiger Zeit wollte er auch seine Haare nicht mehr schneiden. Ich glaube, wir haben die Haare in seinem Leben ohnehin erst zwei oder drei Mal geschnitten. Ich verstehe das sehr gut, weil er tolle Haare hat. Ganz glatt, weich und gl\u00e4nzend. Und wenn er den Kopf sch\u00fcttelt, dann fliegen sie. Inzwischen reichen die Haare bis auf die Schultern und sind auch vorne inzwischen so lang, dass sie nicht mehr st\u00e4ndig in die Augen h\u00e4ngen. Da die Haare sich nachts gerne verknoten, besitzen wir seit einiger Zeit Leichtk\u00e4mmspray und eine Anti-Ziep-B\u00fcrste. Noch so was, wovon ich dachte, dass ich mit Jungs damit nicht zu tun haben w\u00fcrde. Es hat sich schnell herausgestellt, dass das Leichtk\u00e4mmspray oder die Spr\u00fchkur (beides Alverde) auch f\u00fcr den Herr Gartenhein gute Dienste leisten, um seine Strubbelhaare in Form k\u00e4mmen zu k\u00f6nnen. Wir haben dem Schl\u00f6kerich auch schon Haarspangen und Haarreifen gekauft, aber das l\u00e4sst er immer nur f\u00fcnf Minuten drin. Man k\u00f6nnte auch schon einen Pferdeschwanz machen, aber er tr\u00e4gt die Haare am liebsten offen.<\/p>\n<p>Das n\u00e4chste, was bei uns einzieht und nach landl\u00e4ufiger Meinung eher ein &#8222;M\u00e4dchending&#8220; ist, sind B\u00fcgelperlen. Bisher haben mich die Kombination von tausenden winzigen Perlen und einem Kleinkind abgeschreckt, aber die zwei Gro\u00dfen fragen hartn\u00e4ckig nach B\u00fcgelperlen. Der Schl\u00f6kerich belegt im Kindergarten monochromatische Herzen, Kreise und Sterne. Der Herr Gartenhein w\u00fcnscht sich Waffen aus B\u00fcgelperlen zu basteln. Von wegen, nur f\u00fcr M\u00e4dchen.<\/p>\n<p>Wir lassen unsere Jungs in der Hinsicht machen was sie wollen. Sie k\u00f6nnen anziehen was sie wollen und spielen was sie m\u00f6chten, auch wenn andere das vielleicht seltsam finden. Lediglich bei wetterbedingt nicht angepasster Kleidung schreite ich ein. Allerdings auch nicht so vehement wie D. Der Herr Gartenhein wurde schon gefragt, ob wir das mit dem Nagellack erlaubt h\u00e4tten. Klar, warum auch nicht. Es ist ja nur Nagellack, kein Tattoo. Da kann er ruhig rumprobieren, soviel er m\u00f6chte.<\/p>\n","protected":false},"excerpt":{"rendered":"<p>Es gibt ja so ein paar Dinge, von denen glaubt man im Allgemeinen, man h\u00e4tte weniger damit zu tun, wenn man nur S\u00f6hne hat. Eins davon ist Nagellack. Ich selbst habe gar keinen. Das letzte Mal, dass ich meine Fingern\u00e4gel lackiert habe, war f\u00fcrs Wave Gotik Treffen 2000, damit man nach 3 Tagen zelten im [&hellip;]<\/p>\n","protected":false},"author":1,"featured_media":0,"comment_status":"open","ping_status":"open","sticky":false,"template":"","format":"standard","meta":{"_jetpack_memberships_contains_paid_content":false,"footnotes":""},"categories":[59,76],"tags":[],"class_list":["post-4202","post","type-post","status-publish","format-standard","hentry","category-kinder","category-rosahellblau"],"jetpack_featured_media_url":"","jetpack-related-posts":[],"jetpack_sharing_enabled":true,"_links":{"self":[{"href":"https:\/\/alaskagirl.de\/wordpress\/wp-json\/wp\/v2\/posts\/4202","targetHints":{"allow":["GET"]}}],"collection":[{"href":"https:\/\/alaskagirl.de\/wordpress\/wp-json\/wp\/v2\/posts"}],"about":[{"href":"https:\/\/alaskagirl.de\/wordpress\/wp-json\/wp\/v2\/types\/post"}],"author":[{"embeddable":true,"href":"https:\/\/alaskagirl.de\/wordpress\/wp-json\/wp\/v2\/users\/1"}],"replies":[{"embeddable":true,"href":"https:\/\/alaskagirl.de\/wordpress\/wp-json\/wp\/v2\/comments?post=4202"}],"version-history":[{"count":5,"href":"https:\/\/alaskagirl.de\/wordpress\/wp-json\/wp\/v2\/posts\/4202\/revisions"}],"predecessor-version":[{"id":4207,"href":"https:\/\/alaskagirl.de\/wordpress\/wp-json\/wp\/v2\/posts\/4202\/revisions\/4207"}],"wp:attachment":[{"href":"https:\/\/alaskagirl.de\/wordpress\/wp-json\/wp\/v2\/media?parent=4202"}],"wp:term":[{"taxonomy":"category","embeddable":true,"href":"https:\/\/alaskagirl.de\/wordpress\/wp-json\/wp\/v2\/categories?post=4202"},{"taxonomy":"post_tag","embeddable":true,"href":"https:\/\/alaskagirl.de\/wordpress\/wp-json\/wp\/v2\/tags?post=4202"}],"curies":[{"name":"wp","href":"https:\/\/api.w.org\/{rel}","templated":true}]}}