{"id":3797,"date":"2015-02-01T17:14:44","date_gmt":"2015-02-01T16:14:44","guid":{"rendered":"http:\/\/alaskagirl.de\/wordpress\/?p=3797"},"modified":"2015-02-01T17:14:44","modified_gmt":"2015-02-01T16:14:44","slug":"das-war-unser-januar","status":"publish","type":"post","link":"https:\/\/alaskagirl.de\/wordpress\/das-war-unser-januar\/","title":{"rendered":"Das war unser Januar"},"content":{"rendered":"<p>Im Januar<\/p>\n<ul>\n<li>haben wir spontan einen Schulranzen f\u00fcr den Herr Gartenhein gekauft. Das Schulranzenthema geisterte hier schon l\u00e4nger rum. Wir geh\u00f6ren ja zu diesen Eltern, die lesen, vergleichen und am Ende versuchen das Beste zu kaufen. Allerdings war hier das Lesen und vergleichen eher frustrierend. Es gibt keinen Schulranzen, der im Test schadstofffrei war. Und aus Plastik sind sie ja alle. Die in verschiedenen Blogs vorgestellten Rucks\u00e4cke von ErgoBag fand ich eigentlich ganz gut, weil aus PET-Flaschen hergestellt und dann produziert man ja immerhin keinen neuen M\u00fcll. Allerdings kam dann gleich von \u00fcberall, dass man Erstkl\u00e4sslern auf gar keinen Fall und niemals nicht einen Schulrucksack geben d\u00fcrfe, weil dann die Lehrerinnen schimpfen, wenn Hefte und B\u00fccher verknicken. Und so waren wir eigentlich noch mitten in Schulranzen\u00fcberlegungen, als bei M\u00fcller einer stand. Im Set auf 90 \u20ac reduziert. Mit Superhelden. Ich merkte an, dass der ja leider potth\u00e4sslich sei. Zum Vergleich w\u00e4hlten wir zwei andere Schulranzen mit dezenteren Motiven aus und sagten: &#8222;Sohn, schau, welcher gef\u00e4llt Dir am besten?&#8220; Da ihm spontan der reduzierte am besten gefiel, es noch zus\u00e4tzlich 15% Rabatt drauf gab und eine kurze Internetsuche ergab, dass es den nirgends unter 100 \u20ac gibt, haben wir ihn gekauft. Inklusive Turn- und Geldbeutel und M\u00e4ppchen. Der Herr Gartenhein ist gl\u00fccklich. Und ich kann es tolerieren, dass er mit einem h\u00e4sslichen Ranzen in die Schule geht.<\/li>\n<li>war ich das erste Mal mit den zwei gro\u00dfen Jungs allein im Schwimmbad. Das geht wirklich gut. Beide sind gerne im Wasser und der Herr Gartenhein ist sehr sicher mit den Schwimmfl\u00fcgeln unterwegs. Ich war auch den ganzen Monat auf der Suche nach einen Schwimmkurs, dass er noch vor dem Sommerurlaub Schwimmen lernt. Leider ist das gar nicht so einfach. Die Kurse in den Nachbarorten sind alle Mittwochs, wo er zum Turnen geht. Dann gibt es Kurse, die mehrmals in der Woche stattfinden, die sich deshalb mit anderen Terminen oder meiner Arbeit \u00fcberschneiden, es gibt Kurse abends um halb sieben (welcher F\u00fcnfj\u00e4hrige lernt hier noch Schwimmen?) und der einzige passende Kurs, der ist so ausgebucht, dass wir auf der Warteliste f\u00fcr September stehen. Krass, oder? Ich hoffe jetzt, dass wir \u00fcber den Kindersport in einen Kurs rein kommen. Die Kurse sind dienstags, was gut passt, und ab April starten neue Kurse. Da m\u00fcssen wir uns dann nur im M\u00e4rz ganz schnell anmelden. Die Mutter seines Kindergartenkumpels hatte von dem Kurs abgeraten, weil man als begleitende Mutter den vollen Eintritt zahlen m\u00fcsse. Da ich aber hoffe, die Zeit f\u00fcr mich zum Schwimmen nutzen zu k\u00f6nnen, st\u00f6rt mich das wenig. Und ich hoffe ja, dass er das Schwimmen schnell lernt.<\/li>\n<li>war der Julijunge das erste mal richtig krank. Brauch ich nicht so schnell wieder.<\/li>\n<li>waren wir bei der Kinderfasnet im Nachbarort.<\/li>\n<li>hat der Schl\u00f6kerich seinen Schnuppertag im Kindergarten hinter sich gebracht.<\/li>\n<li>habe ich es geschafft den Kindern die Haare zu schneiden. Das ist vor allem beim Schl\u00f6kerich eine kleine Sensation, weil er sich seit einem dreiviertel Jahr weigert die Haare zu schneiden. Ist mir ja im Prinzip egal, aber jetzt hingen sie schon arg in die Augen. Er hat jetzt einen klassischen Topfschnitt, wo die Haare immer noch so sch\u00f6n fliegen, wenn der den Kopf sch\u00fcttelt. Das mag er. Also nicht viel k\u00fcrzer als vorher. Nur die Fransen an den Augen und die Zotteln im Nacken sind ab. Der Herr Gartenehein hat seine \u00fcbliche Frisur, oben 21 mm, die Seiten und hinten 9 mm. Damit komme ich auch den sich st\u00e4ndig wiederholenen Zetteln &#8222;Bitte suchen Sie Ihr Kind nach L\u00e4usen und Nissen ab!&#8220; im Kindergarten entgegen. L\u00e4use s\u00e4he man jetzt sofort.<\/li>\n<li>ging mein letzter Monat in Vollzeit Elternzeit zu Ende. Morgen fr\u00fch geht&#8217;s wieder los. Ich muss zur Arbeit, der Herr Gartenhein in den Kindergarten. Der Schl\u00f6kerich geht mit Papa (und kleinem Bruder) zur Eingew\u00f6hnung in den Kindergarten. Sie erz\u00e4hlten was von sechs Wochen Eingew\u00f6hnung. Ich finde das ja etwas \u00fcbertrieben, aber gut. Wir werden sehen, wie lange er braucht um sich dort zuhause zu f\u00fchlen. Es wird auf jeden Fall spannend, wann wir es zu f\u00fcnft aus dem Haus schaffen. Bisher schliefen wir einfach so lange, wie wir wollten. Damit ist jetzt leider Schluss!<\/li>\n<li>sind wir nach den langen Weihnachtsferien wieder in die normale Alltagsroutine gekommen. Ich mag das, auch wenn ich abends v\u00f6llig platt bin. Wir werden sehen, wie sich im Februar alles neu sortiert.<\/li>\n<\/ul>\n","protected":false},"excerpt":{"rendered":"<p>Im Januar haben wir spontan einen Schulranzen f\u00fcr den Herr Gartenhein gekauft. Das Schulranzenthema geisterte hier schon l\u00e4nger rum. Wir geh\u00f6ren ja zu diesen Eltern, die lesen, vergleichen und am Ende versuchen das Beste zu kaufen. Allerdings war hier das Lesen und vergleichen eher frustrierend. Es gibt keinen Schulranzen, der im Test schadstofffrei war. Und [&hellip;]<\/p>\n","protected":false},"author":1,"featured_media":0,"comment_status":"open","ping_status":"open","sticky":false,"template":"","format":"standard","meta":{"_jetpack_memberships_contains_paid_content":false,"footnotes":""},"categories":[24],"tags":[],"class_list":["post-3797","post","type-post","status-publish","format-standard","hentry","category-alltag"],"jetpack_featured_media_url":"","jetpack-related-posts":[],"jetpack_sharing_enabled":true,"_links":{"self":[{"href":"https:\/\/alaskagirl.de\/wordpress\/wp-json\/wp\/v2\/posts\/3797","targetHints":{"allow":["GET"]}}],"collection":[{"href":"https:\/\/alaskagirl.de\/wordpress\/wp-json\/wp\/v2\/posts"}],"about":[{"href":"https:\/\/alaskagirl.de\/wordpress\/wp-json\/wp\/v2\/types\/post"}],"author":[{"embeddable":true,"href":"https:\/\/alaskagirl.de\/wordpress\/wp-json\/wp\/v2\/users\/1"}],"replies":[{"embeddable":true,"href":"https:\/\/alaskagirl.de\/wordpress\/wp-json\/wp\/v2\/comments?post=3797"}],"version-history":[{"count":7,"href":"https:\/\/alaskagirl.de\/wordpress\/wp-json\/wp\/v2\/posts\/3797\/revisions"}],"predecessor-version":[{"id":3804,"href":"https:\/\/alaskagirl.de\/wordpress\/wp-json\/wp\/v2\/posts\/3797\/revisions\/3804"}],"wp:attachment":[{"href":"https:\/\/alaskagirl.de\/wordpress\/wp-json\/wp\/v2\/media?parent=3797"}],"wp:term":[{"taxonomy":"category","embeddable":true,"href":"https:\/\/alaskagirl.de\/wordpress\/wp-json\/wp\/v2\/categories?post=3797"},{"taxonomy":"post_tag","embeddable":true,"href":"https:\/\/alaskagirl.de\/wordpress\/wp-json\/wp\/v2\/tags?post=3797"}],"curies":[{"name":"wp","href":"https:\/\/api.w.org\/{rel}","templated":true}]}}