{"id":3322,"date":"2013-09-04T16:29:00","date_gmt":"2013-09-04T14:29:00","guid":{"rendered":"http:\/\/alaskagirl.de\/wordpress\/?p=3322"},"modified":"2013-09-04T13:43:25","modified_gmt":"2013-09-04T11:43:25","slug":"das-neue-kindergartenjahr","status":"publish","type":"post","link":"https:\/\/alaskagirl.de\/wordpress\/das-neue-kindergartenjahr\/","title":{"rendered":"Das neue Kindergartenjahr"},"content":{"rendered":"<p>Ich habe vor einiger Zeit ja <a href=\"http:\/\/alaskagirl.de\/wordpress\/mein-kind-spielt-im-kindergarten\/\" target=\"_blank\">mal geschrieben<\/a>, dass ich mit unserem Kindergarten eigentlich zufrieden bin. Zum Ende des Kindergartenjahres haben drei von vier Erzieherinnen aufgeh\u00f6rt, so dass zu erwarten war, dass sich einiges \u00e4ndert. Seit zweieinhalb Wochen sind die Kindergartenferien vorbei und seit 1. September endlich alle neuen Erzieherinnen da. Da im Moment noch Schulferien sind, l\u00e4uft noch nicht alles wieder im alten Trott. Trotzdem sind mir schon ein paar Ver\u00e4nderungen positiv aufgefallen.<br \/>\nDas Ankommen morgens ist z.B. sehr viel netter. Der Kindergarten \u00f6ffnet um 7:30 Uhr. Da die meisten Kinder erst zwischen halb neun und neun kommen, sind auch fr\u00fch noch nicht alle Erzieherinnen da. Kam man fr\u00fcher um Punkt 7:30, war gerade mal die T\u00fcr aufgeschlossen. In den Gruppenr\u00e4umen war kein Licht und s\u00e4mtliche Fenster zum l\u00fcften ge\u00f6ffnet. Mindestens eine der zwei anwesenden Erzieherinnen war im B\u00fcro besch\u00e4ftigt, w\u00e4hrend die andere zwischen K\u00fcche (Tee kochen und so) und einem ge\u00f6ffneten Gruppenraum hin und her hetzte. Im zweiten Gruppenraum standen noch die St\u00fchle auf den Tischen. Wenn wir jetzt morgens ankommen (ich muss zugeben, wir waren immer sp\u00e4ter als 7:30 Uhr, aber trotzdem mindestens einmal die ersten) ist der Gruppenraum beleuchtet. Es sind beide Gruppenr\u00e4ume vorbereitet und mindestens eine der anwesenden Erzieherinnen ist im Gruppenraum um die Kinder zu begr\u00fc\u00dfen. In der Regel ist sogar noch eine zweite Erzieherin da und spielt schon mit den ganz fr\u00fchen Kindern. Als Eltern kann man auch morgens noch kurz was fragen oder kl\u00e4ren. Find ich gut.<br \/>\nAuch wurde das Automitbringverbot aufgehoben. Die Kinder in der Bauecke neigen wohl dazu sich um Autos zu streiten. Um die vorhandenen und um selbst mitgebrachte. Da es mehrmals Handgreiflichkeiten unter den Kindern gab, wurde das Mitbringen eigener Autos verboten, obwohl der Kindergartenbestand auf drei Autos zusammengeschrumpft war. Jetzt gibt es einen gro\u00dfen Kasten neue Autos und auch die eigenen d\u00fcrfen wieder mitgebracht werden. Ein generelles Mitbringverbot f\u00fcr Spielzeug gibt es n\u00e4mlich nicht. Und den Autonarren die Autos zu verbieten, aber den Puppenfreunden die Monster-Barbies zu erlauben, ist nicht wirklich gerecht. Also darf jetzt wieder alles mitgebracht werden.<br \/>\nDie Kinder sind fast immer drau\u00dfen, wenn sie abgeholt werden. Zumindest die, die bis halb zwei bleiben. Bisher war die Spielzeit im Freien auf die Zeit zwischen Fr\u00fchst\u00fcck (ca. 10:30) und Stuhlkreis (12:00) begrenzt. Das hat sich wohl ge\u00e4ndert.<br \/>\nLetzte Woche wurden relativ spontan die \u00c4pfel im Garten gesammelt, zu Apfelmus verkocht und am n\u00e4chsten Tag mit Waffeln verputzt. Solche Spontanaktionen gab es fr\u00fcher kaum. Da auch selten lange vorgeplant wurde, lief die meiste Zeit alles im normalen Trott.<br \/>\nDer Herr Gartenhein geht seit zweieinhalb Wochen freudig in den Kindergarten (ok, das hat er fr\u00fcher auch meistens getan). Die alten Erzieherinnen scheint er kaum zu vermissen, obwohl er zumindest nach der einen hin und wieder fragt. Er fragt, wo die jetzt sei und ob das weit weg w\u00e4re. Ich bin mal gespannt, wie sich das weiter entwickelt, wenn die Schulferien vorbei sind und wieder alle Kinder da sind. Im Oktober ist dann Elternabend, wo das neue Team sich und sein Konzept vorstellt. Bisher zweifel ich nicht, dass es gut wird.<\/p>\n","protected":false},"excerpt":{"rendered":"<p>Ich habe vor einiger Zeit ja mal geschrieben, dass ich mit unserem Kindergarten eigentlich zufrieden bin. Zum Ende des Kindergartenjahres haben drei von vier Erzieherinnen aufgeh\u00f6rt, so dass zu erwarten war, dass sich einiges \u00e4ndert. Seit zweieinhalb Wochen sind die Kindergartenferien vorbei und seit 1. September endlich alle neuen Erzieherinnen da. Da im Moment noch [&hellip;]<\/p>\n","protected":false},"author":1,"featured_media":0,"comment_status":"open","ping_status":"open","sticky":false,"template":"","format":"standard","meta":{"_jetpack_memberships_contains_paid_content":false,"footnotes":""},"categories":[59],"tags":[],"class_list":["post-3322","post","type-post","status-publish","format-standard","hentry","category-kinder"],"jetpack_featured_media_url":"","jetpack-related-posts":[],"jetpack_sharing_enabled":true,"_links":{"self":[{"href":"https:\/\/alaskagirl.de\/wordpress\/wp-json\/wp\/v2\/posts\/3322","targetHints":{"allow":["GET"]}}],"collection":[{"href":"https:\/\/alaskagirl.de\/wordpress\/wp-json\/wp\/v2\/posts"}],"about":[{"href":"https:\/\/alaskagirl.de\/wordpress\/wp-json\/wp\/v2\/types\/post"}],"author":[{"embeddable":true,"href":"https:\/\/alaskagirl.de\/wordpress\/wp-json\/wp\/v2\/users\/1"}],"replies":[{"embeddable":true,"href":"https:\/\/alaskagirl.de\/wordpress\/wp-json\/wp\/v2\/comments?post=3322"}],"version-history":[{"count":7,"href":"https:\/\/alaskagirl.de\/wordpress\/wp-json\/wp\/v2\/posts\/3322\/revisions"}],"predecessor-version":[{"id":3329,"href":"https:\/\/alaskagirl.de\/wordpress\/wp-json\/wp\/v2\/posts\/3322\/revisions\/3329"}],"wp:attachment":[{"href":"https:\/\/alaskagirl.de\/wordpress\/wp-json\/wp\/v2\/media?parent=3322"}],"wp:term":[{"taxonomy":"category","embeddable":true,"href":"https:\/\/alaskagirl.de\/wordpress\/wp-json\/wp\/v2\/categories?post=3322"},{"taxonomy":"post_tag","embeddable":true,"href":"https:\/\/alaskagirl.de\/wordpress\/wp-json\/wp\/v2\/tags?post=3322"}],"curies":[{"name":"wp","href":"https:\/\/api.w.org\/{rel}","templated":true}]}}