{"id":3113,"date":"2013-06-16T23:09:22","date_gmt":"2013-06-16T21:09:22","guid":{"rendered":"http:\/\/alaskagirl.de\/wordpress\/?p=3113"},"modified":"2013-06-16T23:09:22","modified_gmt":"2013-06-16T21:09:22","slug":"och-menno-frau-schroder","status":"publish","type":"post","link":"https:\/\/alaskagirl.de\/wordpress\/och-menno-frau-schroder\/","title":{"rendered":"Och menno, Frau Schr\u00f6der!"},"content":{"rendered":"<p>Unsere aktuelle Familienministerin Kristina Schr\u00f6der macht mir Kopfzerbrechen. Ich w\u00fcrde mich echt gerne mal mit ihr unterhalten, weil ich gerne w\u00fcsste, was jemand in meinem Alter dazu gebracht hat, so zu sein. Es f\u00e4ngt an mit der Frauenquote, die sie nicht f\u00fcr so wichtig h\u00e4lt, sie verbindlich einzuf\u00fchren. Ihre Argumentation &#8222;Ich und meine Freundinnen haben es ja auch so geschafft.&#8220; Deshalb hat sie auch was gegen Feminismus oder h\u00e4lt ihn nicht f\u00fcr wichtig. Nur leider stehen sie und ihre Freundinnen nicht f\u00fcr alle Frauen. Und vielleicht sitzt sie auch nur auf dem Posten, weil sie eine Frau ist. Neulich sagte meine Chefin, sie sei auch mal so naiv gewesen zu glauben, man h\u00e4tte als Frau in einem m\u00e4nnlich dominierten Umfeld keine Nachteile und man m\u00fcsse sich eben nur anstrengen. Aber immer wieder sieht man, dass M\u00e4nner, die sich weniger anstrengen stattdessen bef\u00f6rdert werden. Wenn man den Gesichtsausdruck vieler \u00e4lterer Herren in der Chefetage sieht, wenn man mit einem S\u00e4ugling in Besprechungen auftaucht, wenn die Chefs glauben, die Weiterbildung von M\u00fcttern lohnt nicht, weil die eh nicht mehr flexibel und verf\u00fcgbar sind, wenn man auf Fachtagungen ungl\u00e4ubig gefragt wird, ob man seine Kinder &#8222;so lange allein&#8220; lassen k\u00f6nne, dann glaubt man irgendwann nicht mehr, dass M\u00e4nner und Frauen gleichgestellt sind. Und wenn man dann noch zu h\u00f6ren kriegt, im \u00f6ffentlichen Dienst w\u00fcrden Frauen bevorzugt behandelt, kann man nur noch den Kopf sch\u00fctteln. Und dann haben wir da diese Familienministerin, die selbst ein Kind hat. Da ist mal eine, die das alles selbst erlebt in einer Position etwas zu \u00e4ndern. Und was macht sie? Will nach der Wahl nicht mehr Ministerin sein, weil sie mehr Zeit f\u00fcr ihr Kind will. Ich wei\u00df nicht, ob ich schreien soll oder in die Tischplatte bei\u00dfen. Ich bin sicher, dass das Ministeramt sich schwer mit Kindern vereinbaren l\u00e4sst, aber statt sich einfach zur\u00fcck zu ziehen, h\u00e4tte sie auch versuchen k\u00f6nnen, die Rahmenbedingungen zu schaffen, dass es geht. Wie w\u00e4re es denn mit MinisterInnen in Teilzeit? Warum keine Jobsharingkonzepte f\u00fcr MinisterInnen? Da g\u00e4be es dann gleich doppelt so viele Posten zu vergeben. Warum keine rechtlichen Rahmenbedingungen f\u00fcr das Mitnehmen von Kindern (zumindest unter drei Jahren) und Begleitpersonen auf Dienstreisen schaffen. Hiermit w\u00e4re nicht nur Politikern sondern auch uns Wissenschaftler geholfen. Da ist es n\u00e4mlich besonders schlecht, wenn man ein halbes oder ein ganzes Jahr die Fachtagungen verpasst, weil man ein Stillkind hat. Alles w\u00e4re so einfach, wenn das Kind einfach dabei sein k\u00f6nnte und am besten noch jemand, der das Kind stundenweise \u00fcbernimmt. Das alles selbst zu bezahlen, \u00fcberlegt man sich nat\u00fcrlich sehr gut. Warum nicht daf\u00fcr Mittel bereitstellen? Und nein, der Besuch einer Fachtagung w\u00e4re kein vom Staat finanzierter Familienurlaub. Aber klar, unsere Ministerin macht das, was die Frauen schon immer gemacht haben. Die Karriere zur\u00fcckstellen f\u00fcr die Kinder. Dabei h\u00e4tte sie dazu beitragen k\u00f6nnen, dass Kinder und Karriere keine Gegens\u00e4tze mehr sind, sondern Karriere nicht trotz, sondern mit den Kindern zu machen ist.<\/p>\n","protected":false},"excerpt":{"rendered":"<p>Unsere aktuelle Familienministerin Kristina Schr\u00f6der macht mir Kopfzerbrechen. Ich w\u00fcrde mich echt gerne mal mit ihr unterhalten, weil ich gerne w\u00fcsste, was jemand in meinem Alter dazu gebracht hat, so zu sein. Es f\u00e4ngt an mit der Frauenquote, die sie nicht f\u00fcr so wichtig h\u00e4lt, sie verbindlich einzuf\u00fchren. Ihre Argumentation &#8222;Ich und meine Freundinnen haben [&hellip;]<\/p>\n","protected":false},"author":1,"featured_media":0,"comment_status":"open","ping_status":"open","sticky":false,"template":"","format":"standard","meta":{"_jetpack_memberships_contains_paid_content":false,"footnotes":""},"categories":[25],"tags":[],"class_list":["post-3113","post","type-post","status-publish","format-standard","hentry","category-geschlechterkampf"],"jetpack_featured_media_url":"","jetpack-related-posts":[],"jetpack_sharing_enabled":true,"_links":{"self":[{"href":"https:\/\/alaskagirl.de\/wordpress\/wp-json\/wp\/v2\/posts\/3113","targetHints":{"allow":["GET"]}}],"collection":[{"href":"https:\/\/alaskagirl.de\/wordpress\/wp-json\/wp\/v2\/posts"}],"about":[{"href":"https:\/\/alaskagirl.de\/wordpress\/wp-json\/wp\/v2\/types\/post"}],"author":[{"embeddable":true,"href":"https:\/\/alaskagirl.de\/wordpress\/wp-json\/wp\/v2\/users\/1"}],"replies":[{"embeddable":true,"href":"https:\/\/alaskagirl.de\/wordpress\/wp-json\/wp\/v2\/comments?post=3113"}],"version-history":[{"count":4,"href":"https:\/\/alaskagirl.de\/wordpress\/wp-json\/wp\/v2\/posts\/3113\/revisions"}],"predecessor-version":[{"id":3117,"href":"https:\/\/alaskagirl.de\/wordpress\/wp-json\/wp\/v2\/posts\/3113\/revisions\/3117"}],"wp:attachment":[{"href":"https:\/\/alaskagirl.de\/wordpress\/wp-json\/wp\/v2\/media?parent=3113"}],"wp:term":[{"taxonomy":"category","embeddable":true,"href":"https:\/\/alaskagirl.de\/wordpress\/wp-json\/wp\/v2\/categories?post=3113"},{"taxonomy":"post_tag","embeddable":true,"href":"https:\/\/alaskagirl.de\/wordpress\/wp-json\/wp\/v2\/tags?post=3113"}],"curies":[{"name":"wp","href":"https:\/\/api.w.org\/{rel}","templated":true}]}}