{"id":2962,"date":"2013-04-05T09:27:12","date_gmt":"2013-04-05T07:27:12","guid":{"rendered":"http:\/\/alaskagirl.de\/wordpress\/?p=2962"},"modified":"2013-04-05T09:27:12","modified_gmt":"2013-04-05T07:27:12","slug":"wie-alt-ist-denn-die-kleine","status":"publish","type":"post","link":"https:\/\/alaskagirl.de\/wordpress\/wie-alt-ist-denn-die-kleine\/","title":{"rendered":"Wie alt ist denn die Kleine?"},"content":{"rendered":"<p>Am Mittwoch wurde mir diese Frage gleich zweimal gestellt. Warum der Schl\u00f6kerich gerne f\u00fcr ein M\u00e4dchen gehalten wird, wei\u00df ich auch nicht. Vielleicht, weil er so goldige gro\u00dfe braune Augen hat? Oder weil sich seine Haare hinter den Ohren locken? Oder weil das winzige Fleckchen rosa auf seiner beigen Jacke jedem sofort ins Auge springt? Oder weil es einfach besser ins Bild passt, Sohn und Tochter zu haben statt zwei S\u00f6hne? Oder einfach weil er so unglaublich goldig ist? Schlie\u00dflich hatten wir auch beim Herr Gartenhein den Satz &#8222;Der ist so h\u00fcbsch, der k\u00f6nnt glatt ein M\u00e4dchen sein!&#8220; zu h\u00f6ren bekommen. Ja, goldig ist er, der Schl\u00f6kerich. Mit seinen knapp 13 Monaten ist er auch schon erstaunlich klar in seinen \u00c4u\u00dferungen. Er zeigt auf Dinge, die er haben will, zeigt in Richtungen in die er getragen werden will und regt sich furchtbar auf, wenn er nicht kriegt was er will. Und da ist er sehr hartn\u00e4ckig. Gestern sa\u00df er zeternd auf meinem Scho\u00df, weil er gerne mit einem L\u00f6ffel in der (noch gef\u00fcllten) Keksdose r\u00fchren wollte und ich ihn nicht gelassen habe. Da l\u00e4sst er sich dann auch nicht ablenken. Au\u00dferdem entdeckt er grade Ursache und Wirkung. Licht an, Licht aus findet er unglaublich spannend. Und da man ja kleinen Kindern bei der Erforschung physikalischer Grundprinzipien nicht im Wege stehen will, steh ich dann eben immer mal wieder mit dem Schl\u00f6kerich vor den Lichtschaltern und lasse ihn das Licht an und ausschalten. Wenn er schon f\u00fcr ein M\u00e4dchen gehalten wird, dann doch zumindest f\u00fcr ein technikinteressiertes.<\/p>\n","protected":false},"excerpt":{"rendered":"<p>Am Mittwoch wurde mir diese Frage gleich zweimal gestellt. Warum der Schl\u00f6kerich gerne f\u00fcr ein M\u00e4dchen gehalten wird, wei\u00df ich auch nicht. Vielleicht, weil er so goldige gro\u00dfe braune Augen hat? Oder weil sich seine Haare hinter den Ohren locken? Oder weil das winzige Fleckchen rosa auf seiner beigen Jacke jedem sofort ins Auge springt? [&hellip;]<\/p>\n","protected":false},"author":1,"featured_media":0,"comment_status":"open","ping_status":"open","sticky":false,"template":"","format":"standard","meta":{"_jetpack_memberships_contains_paid_content":false,"footnotes":""},"categories":[59],"tags":[],"class_list":["post-2962","post","type-post","status-publish","format-standard","hentry","category-kinder"],"jetpack_featured_media_url":"","jetpack-related-posts":[],"jetpack_sharing_enabled":true,"_links":{"self":[{"href":"https:\/\/alaskagirl.de\/wordpress\/wp-json\/wp\/v2\/posts\/2962","targetHints":{"allow":["GET"]}}],"collection":[{"href":"https:\/\/alaskagirl.de\/wordpress\/wp-json\/wp\/v2\/posts"}],"about":[{"href":"https:\/\/alaskagirl.de\/wordpress\/wp-json\/wp\/v2\/types\/post"}],"author":[{"embeddable":true,"href":"https:\/\/alaskagirl.de\/wordpress\/wp-json\/wp\/v2\/users\/1"}],"replies":[{"embeddable":true,"href":"https:\/\/alaskagirl.de\/wordpress\/wp-json\/wp\/v2\/comments?post=2962"}],"version-history":[{"count":3,"href":"https:\/\/alaskagirl.de\/wordpress\/wp-json\/wp\/v2\/posts\/2962\/revisions"}],"predecessor-version":[{"id":2965,"href":"https:\/\/alaskagirl.de\/wordpress\/wp-json\/wp\/v2\/posts\/2962\/revisions\/2965"}],"wp:attachment":[{"href":"https:\/\/alaskagirl.de\/wordpress\/wp-json\/wp\/v2\/media?parent=2962"}],"wp:term":[{"taxonomy":"category","embeddable":true,"href":"https:\/\/alaskagirl.de\/wordpress\/wp-json\/wp\/v2\/categories?post=2962"},{"taxonomy":"post_tag","embeddable":true,"href":"https:\/\/alaskagirl.de\/wordpress\/wp-json\/wp\/v2\/tags?post=2962"}],"curies":[{"name":"wp","href":"https:\/\/api.w.org\/{rel}","templated":true}]}}