{"id":2153,"date":"2011-10-21T10:15:41","date_gmt":"2011-10-21T08:15:41","guid":{"rendered":"http:\/\/alaskagirl.de\/wordpress\/?p=2153"},"modified":"2011-10-21T10:15:41","modified_gmt":"2011-10-21T08:15:41","slug":"schlafts-denn-schon-durch","status":"publish","type":"post","link":"https:\/\/alaskagirl.de\/wordpress\/schlafts-denn-schon-durch\/","title":{"rendered":"&#8222;Schl\u00e4ft&#8217;s denn schon durch?&#8220;"},"content":{"rendered":"<p>Neulich las ich irgendwo, dass unsere Bundeskanzlerin sich f\u00fcr den Nachwuchs unsere Familienministerin interessiert. Sie soll sogar nach dem Schlafverhalten gefragt haben. Und ich sitz da und muss grinsen. Meistens wird man von kinderlosen Menschen, die sich eigentlich gar nicht f\u00fcr fremde Kinder interessieren gefragt: &#8222;Schl\u00e4ft&#8217;s denn schon durch?&#8220; Und zwar immer, egal ob das Kind zwei Wochen alt ist oder zwei Jahre. Was soll man darauf antworten? Sagt man ja, wird anerkennend genickt, sagt man nein, wird mitleidig genickt. Dabei ist beides v\u00f6llig unangebracht. Ich erwarte weder von einem zwei Wochen alten noch von einem zwei Jahre alten Kind, dass es durchschl\u00e4ft. Klar ist es toll, wenn man nachts nicht mehr aufstehen muss, aber ich glaube die wenigsten M\u00fctter (V\u00e4ter schon eher) k\u00f6nnen am n\u00e4chsten oder \u00fcbern\u00e4chsten Tag noch sagen, ob und wie oft sie aufgestanden sind. Gerade das Stillen passiert oft so im Halbschlaf, dass man sich kaum dran erinnert. Und sp\u00e4ter, wenn das Kind von Durst oder Alptr\u00e4umen geweckt wird, ist das kurze Tr\u00f6sten und wieder hinlegen so allt\u00e4glich, dass man es nicht als St\u00f6rung der Nachtruhe empfindet. Anders sind nat\u00fcrlich die N\u00e4chte mit krankem Kind, wo man mehrmals Schlafanzug und Bettw\u00e4sche wechselt oder ein vor Husten hysterisches Kind beruhigen muss. Aber das sind ja Ausnahmen. Auf die &#8222;Schl\u00e4ft&#8217;s denn schon durch?&#8220;-Frage antworte ich dann meistens: &#8222;Grunds\u00e4tzlich schon, aber nicht immer. Aber ich schlafe auch nicht immer durch.&#8220;<\/p>\n","protected":false},"excerpt":{"rendered":"<p>Neulich las ich irgendwo, dass unsere Bundeskanzlerin sich f\u00fcr den Nachwuchs unsere Familienministerin interessiert. Sie soll sogar nach dem Schlafverhalten gefragt haben. Und ich sitz da und muss grinsen. Meistens wird man von kinderlosen Menschen, die sich eigentlich gar nicht f\u00fcr fremde Kinder interessieren gefragt: &#8222;Schl\u00e4ft&#8217;s denn schon durch?&#8220; Und zwar immer, egal ob das [&hellip;]<\/p>\n","protected":false},"author":1,"featured_media":0,"comment_status":"open","ping_status":"open","sticky":false,"template":"","format":"standard","meta":{"_jetpack_memberships_contains_paid_content":false,"footnotes":""},"categories":[57],"tags":[],"class_list":["post-2153","post","type-post","status-publish","format-standard","hentry","category-schwangerenblog"],"jetpack_featured_media_url":"","jetpack-related-posts":[],"jetpack_sharing_enabled":true,"_links":{"self":[{"href":"https:\/\/alaskagirl.de\/wordpress\/wp-json\/wp\/v2\/posts\/2153","targetHints":{"allow":["GET"]}}],"collection":[{"href":"https:\/\/alaskagirl.de\/wordpress\/wp-json\/wp\/v2\/posts"}],"about":[{"href":"https:\/\/alaskagirl.de\/wordpress\/wp-json\/wp\/v2\/types\/post"}],"author":[{"embeddable":true,"href":"https:\/\/alaskagirl.de\/wordpress\/wp-json\/wp\/v2\/users\/1"}],"replies":[{"embeddable":true,"href":"https:\/\/alaskagirl.de\/wordpress\/wp-json\/wp\/v2\/comments?post=2153"}],"version-history":[{"count":2,"href":"https:\/\/alaskagirl.de\/wordpress\/wp-json\/wp\/v2\/posts\/2153\/revisions"}],"predecessor-version":[{"id":2155,"href":"https:\/\/alaskagirl.de\/wordpress\/wp-json\/wp\/v2\/posts\/2153\/revisions\/2155"}],"wp:attachment":[{"href":"https:\/\/alaskagirl.de\/wordpress\/wp-json\/wp\/v2\/media?parent=2153"}],"wp:term":[{"taxonomy":"category","embeddable":true,"href":"https:\/\/alaskagirl.de\/wordpress\/wp-json\/wp\/v2\/categories?post=2153"},{"taxonomy":"post_tag","embeddable":true,"href":"https:\/\/alaskagirl.de\/wordpress\/wp-json\/wp\/v2\/tags?post=2153"}],"curies":[{"name":"wp","href":"https:\/\/api.w.org\/{rel}","templated":true}]}}