{"id":1851,"date":"2011-03-28T10:31:08","date_gmt":"2011-03-28T08:31:08","guid":{"rendered":"http:\/\/alaskagirl.de\/wordpress\/?p=1851"},"modified":"2011-03-28T10:31:28","modified_gmt":"2011-03-28T08:31:28","slug":"der-kleine-stefan","status":"publish","type":"post","link":"https:\/\/alaskagirl.de\/wordpress\/der-kleine-stefan\/","title":{"rendered":"&#8222;Der kleine Stefan"},"content":{"rendered":"<p>m\u00f6chte bitte am Ausgang des Landtags abgeholt werden!&#8220;<\/p>\n<p>Man hat zu hoffen gewagt, aber bis zur Verk\u00fcndung des vorl\u00e4ufigen amtlichen Endergebnisses, traute man sich nicht daran zu glauben. Nach 58 Jahren regiert in Baden-W\u00fcrttemberg nun k\u00fcnftig nicht mehr die CDU. Ein bisschen f\u00fchlt es sich an wie damals 1998, als Helmut Kohl abgew\u00e4hlt wurde. Ich geh\u00f6re zu denen, die 1998 das erste Mal w\u00e4hlen durften, zu denen, die ein nichtkohlregiertes Land bis dahin nie bewusst erlebt hatten. Die Zahl derer, die nie ein nichtCDUregiertes Baden-W\u00fcrttemberg erlebt haben, ist viel gr\u00f6\u00dfer. Wer die Baden-W\u00fcrttemberger kennt, wei\u00df, warum der Regierungswechsel so erstaunlich ist. In Baden-W\u00fcrttemberg gibt es immer eine gro\u00dfe Zahl von &#8222;Uns geht&#8217;s doch gut!&#8220;-W\u00e4hlern. Das ist ein Spruch, den ich schon als Kind kennengelernt habe. Uns geht&#8217;s doch gut, warum sollen wir was \u00e4ndern. Und nat\u00fcrlich geht&#8217;s den Baden-W\u00fcrttembergern im Vergleich gut. Darauf wurde gerade von der CDU im Wahlkampf immer wieder hingewiesen. Und darauf, wie schlecht es den SPD-regierten L\u00e4ndern geht. Vielleicht sind es aber die falschen Schl\u00fcsse. Vielleicht geht es Baden-W\u00fcrttemberg nicht gut, weil es CDU-regiert war, sondern wir waren CDU-regiert, weil es uns gut geht. Was interessiert denn die durchschnittliche schw\u00e4bische Hausfrau auf dem Land die Themen Integration (&#8222;Des Probl\u00e4m h\u00e4mma hier nit!&#8220;), Bildung (&#8222;D&#8217;Schul isch immr gut gw\u00e4!&#8220;), Kinderbetreuung (&#8222;I bleib grn dahoim!&#8220;) und was die Gro\u00dfst\u00e4dter sonst noch so umtreibt. Wer seit Generationen im Eigenheim haust, der hat auch kein Problem damit, dass die Geringverdienenden kaum ihre Miete bezahlen k\u00f6nnen. Und weil ja in Schwaben auf dem Lande alles gut ist, kann auch alles so bleiben wie es ist. Nur war diesmal nicht alles gut im L\u00e4ndle. S21 treibt immernoch die Leute auf die Stra\u00dfe und der <a href=\"http:\/\/www.spiegel.de\/politik\/deutschland\/0,1518,720581,00.html\" target=\"_blank\">30. September<\/a> ist nicht vergessen. Die S21-Schlichtung hat der CDU genutzt ihre Umfragewerte wieder etwas zu steigern, aber die Pro-Atom-Haltung hat wieder ein paar Prozentpunkte gekostet. Mit einem maroden Kernkraftwerk vor der Haust\u00fcr, scheint Japan dann doch nicht mehr so weit weg zu sein. Und dass der Herr Mappus sich versucht damit zu br\u00fcsten, Neckarwerstheim I bleibt abgeschaltet, wo die EnBW schon erkl\u00e4rt hat, dass ein Weiterbetrieb nicht mehr rentabel ist, bleibt ein durchschaubarer Trick. Neckarwestheim bleibt aus und daf\u00fcr geht Philippsburg nach dem Moratorium still und heimlich wieder ans Netz. So hatte er sich das gedacht, der Herr Mappus. Nur diesmal ohne die Baden-W\u00fcrttemberger. Es bleibt abzuwarten, was die neue Regierung bringt. Es macht allerdings Hoffnung, dass Baden-W\u00fcrttemberg, (ja, das Land mit den Schwaben), angefangen hat umzudenken, von &#8222;Uns geht&#8217;s doch gut!&#8220; zu &#8222;Uns geht&#8217;s zwar gut, aber es w\u00e4re auch sch\u00f6n, wenn es \u00fcbermorgen noch so w\u00e4re! Und angelogen werden mag ich gar nicht!&#8220;<\/p>\n","protected":false},"excerpt":{"rendered":"<p>m\u00f6chte bitte am Ausgang des Landtags abgeholt werden!&#8220; Man hat zu hoffen gewagt, aber bis zur Verk\u00fcndung des vorl\u00e4ufigen amtlichen Endergebnisses, traute man sich nicht daran zu glauben. Nach 58 Jahren regiert in Baden-W\u00fcrttemberg nun k\u00fcnftig nicht mehr die CDU. Ein bisschen f\u00fchlt es sich an wie damals 1998, als Helmut Kohl abgew\u00e4hlt wurde. Ich [&hellip;]<\/p>\n","protected":false},"author":1,"featured_media":0,"comment_status":"open","ping_status":"open","sticky":false,"template":"","format":"standard","meta":{"_jetpack_memberships_contains_paid_content":false,"footnotes":""},"categories":[1],"tags":[],"class_list":["post-1851","post","type-post","status-publish","format-standard","hentry","category-allgemeines"],"jetpack_featured_media_url":"","jetpack-related-posts":[],"jetpack_sharing_enabled":true,"_links":{"self":[{"href":"https:\/\/alaskagirl.de\/wordpress\/wp-json\/wp\/v2\/posts\/1851","targetHints":{"allow":["GET"]}}],"collection":[{"href":"https:\/\/alaskagirl.de\/wordpress\/wp-json\/wp\/v2\/posts"}],"about":[{"href":"https:\/\/alaskagirl.de\/wordpress\/wp-json\/wp\/v2\/types\/post"}],"author":[{"embeddable":true,"href":"https:\/\/alaskagirl.de\/wordpress\/wp-json\/wp\/v2\/users\/1"}],"replies":[{"embeddable":true,"href":"https:\/\/alaskagirl.de\/wordpress\/wp-json\/wp\/v2\/comments?post=1851"}],"version-history":[{"count":5,"href":"https:\/\/alaskagirl.de\/wordpress\/wp-json\/wp\/v2\/posts\/1851\/revisions"}],"predecessor-version":[{"id":1856,"href":"https:\/\/alaskagirl.de\/wordpress\/wp-json\/wp\/v2\/posts\/1851\/revisions\/1856"}],"wp:attachment":[{"href":"https:\/\/alaskagirl.de\/wordpress\/wp-json\/wp\/v2\/media?parent=1851"}],"wp:term":[{"taxonomy":"category","embeddable":true,"href":"https:\/\/alaskagirl.de\/wordpress\/wp-json\/wp\/v2\/categories?post=1851"},{"taxonomy":"post_tag","embeddable":true,"href":"https:\/\/alaskagirl.de\/wordpress\/wp-json\/wp\/v2\/tags?post=1851"}],"curies":[{"name":"wp","href":"https:\/\/api.w.org\/{rel}","templated":true}]}}